{"id":13821,"date":"2018-03-11T20:10:17","date_gmt":"2018-03-11T20:10:17","guid":{"rendered":"http:\/\/ciudadanosdelmundo.org\/sitio\/?p=13821"},"modified":"2021-03-10T15:54:47","modified_gmt":"2021-03-10T15:54:47","slug":"jesus-de-belen-nuestro-jardin-modelo-abrio-sus-puertas-a-la-comunidad","status":"publish","type":"post","link":"https:\/\/ciudadanosdelmundo.org\/?p=13821","title":{"rendered":"\u00abJesus de Bel\u00e9n\u00bb: nuestro jard\u00edn modelo abri\u00f3 sus puertas a la comunidad"},"content":{"rendered":"<p style=\"font-weight: 400;\">Unos 180 chicos y chicas de entre dos y cinco a\u00f1os en situaci\u00f3n de vulnerabilidad social comenzaron el ciclo lectivo 2018 en el jard\u00edn&nbsp;Jes\u00fas&nbsp;de&nbsp;Bel\u00e9n, en la localidad de Virrey del Pino, La Matanza, que fue reinaugurado hoy con la presencia del ministro de Educaci\u00f3n de la Naci\u00f3n,&nbsp;Enrique Finocchiaro.<\/p>\n<p style=\"font-weight: 400;\">Se trata de un establecimiento modelo que fue ampliado en su capacidad y remodelado para otorgar las mejores condiciones para el desarrollo cognitivo de los alumnos y las alumnas, y que hoy dio un primer paso como punto de encuentro para la comunidad de la zona. Es uno de los 9 jardines que este a\u00f1o se propuso inaugurar la fundaci\u00f3n Ciudadanos del Mundo, a partir del Programa de Primera Infancia del Ministerio de Desarrollo Social de la Naci\u00f3n, que conduce Carolina Stanley.<\/p>\n<p style=\"font-weight: 400;\">El establecimiento cuenta con 3 nuevas aulas, lo que permiti\u00f3 ampliar la capacidad y duplicar los turnos de asistencia. A cargo de los chicos, habr\u00e1 un equipo interdisciplinario compuesto por nutricionistas, psicopedagogas, trabajadoras sociales y docentes.<\/p>\n<p style=\"font-weight: 400;\">\u201cEst\u00e1 todo dado para fomentar el desarrollo de los chicos. Desde el aire acondicionado en cada una de las tres aulas hasta la conexi\u00f3n entre estas y los jardines, adem\u00e1s de los planes de nutrici\u00f3n y de interacci\u00f3n con la naturaleza que propone nuestro plan pedag\u00f3gico, inspirado en la pedagog\u00eda Reggio Emilia\u201d, describi\u00f3 el director general de Ciudadanos del Mundo, Manuel Ardaz.<\/p>\n<p style=\"font-weight: 400;\">\u201cCada vez que se funda una escuela, el pa\u00eds crece. Este es otro paso enorme que estamos dando todos juntos para que en todos los barrios los chicos est\u00e9n en la escuela\u201d, agradeci\u00f3 el ministro de Educaci\u00f3n,&nbsp;Enrique Finocchiaro, quien se declar\u00f3 admirador de la pedagog\u00eda que Reggio Emilia, que impulsa la fundaci\u00f3n.<\/p>\n<p style=\"font-weight: 400;\">\u201cEl jard\u00edn tiene todo, est\u00e1 al nivel de un jard\u00edn privado, pero est\u00e1 abierto a los nenes que menos tienen\u201d, dijo la directora del establecimiento,<\/p>\n<p style=\"font-weight: 400;\">Del encuentro participaron, ademas, el C\u00f3nsul General de Italia en Argentina, Riccardo Smimmo y el Dr. Norberto Emmerich, presidente de Ciudadanos del Mundo.<\/p>\n","protected":false},"excerpt":{"rendered":"<p>Unos 180 chicos y chicas de entre dos y cinco a\u00f1os en situaci\u00f3n de vulnerabilidad social comenzaron el ciclo lectivo 2018 en el jard\u00edn&nbsp;Jes\u00fas&nbsp;de&nbsp;Bel\u00e9n, en la localidad de Virrey del Pino, La Matanza, que fue reinaugurado hoy con la presencia del ministro de Educaci\u00f3n de la Naci\u00f3n,&nbsp;Enrique Finocchiaro. Se trata de un establecimiento modelo que fue ampliado en su capacidad y remodelado para otorgar las mejores condiciones para el desarrollo cognitivo de los alumnos y las alumnas, y que hoy dio un primer paso como punto de encuentro para la comunidad de la zona. Es uno de los 9 jardines que este a\u00f1o se propuso inaugurar la fundaci\u00f3n Ciudadanos del Mundo, a partir del Programa de Primera Infancia del Ministerio de Desarrollo Social de la Naci\u00f3n, que conduce Carolina Stanley. El establecimiento cuenta con 3 nuevas aulas, lo que permiti\u00f3 ampliar la capacidad y duplicar los turnos de asistencia. A cargo de los chicos, habr\u00e1 un equipo interdisciplinario compuesto por nutricionistas, psicopedagogas, trabajadoras sociales y docentes. \u201cEst\u00e1 todo dado para fomentar el desarrollo de los chicos. Desde el aire acondicionado en cada una de las tres aulas hasta la conexi\u00f3n entre estas y los jardines, adem\u00e1s de los planes de [&hellip;]<\/p>\n","protected":false},"author":1,"featured_media":13822,"comment_status":"closed","ping_status":"closed","sticky":false,"template":"","format":"standard","meta":{"footnotes":""},"categories":[1],"tags":[],"class_list":["post-13821","post","type-post","status-publish","format-standard","has-post-thumbnail","hentry","category-uncategorized"],"_links":{"self":[{"href":"https:\/\/ciudadanosdelmundo.org\/index.php?rest_route=\/wp\/v2\/posts\/13821","targetHints":{"allow":["GET"]}}],"collection":[{"href":"https:\/\/ciudadanosdelmundo.org\/index.php?rest_route=\/wp\/v2\/posts"}],"about":[{"href":"https:\/\/ciudadanosdelmundo.org\/index.php?rest_route=\/wp\/v2\/types\/post"}],"author":[{"embeddable":true,"href":"https:\/\/ciudadanosdelmundo.org\/index.php?rest_route=\/wp\/v2\/users\/1"}],"replies":[{"embeddable":true,"href":"https:\/\/ciudadanosdelmundo.org\/index.php?rest_route=%2Fwp%2Fv2%2Fcomments&post=13821"}],"version-history":[{"count":2,"href":"https:\/\/ciudadanosdelmundo.org\/index.php?rest_route=\/wp\/v2\/posts\/13821\/revisions"}],"predecessor-version":[{"id":13931,"href":"https:\/\/ciudadanosdelmundo.org\/index.php?rest_route=\/wp\/v2\/posts\/13821\/revisions\/13931"}],"wp:featuredmedia":[{"embeddable":true,"href":"https:\/\/ciudadanosdelmundo.org\/index.php?rest_route=\/wp\/v2\/media\/13822"}],"wp:attachment":[{"href":"https:\/\/ciudadanosdelmundo.org\/index.php?rest_route=%2Fwp%2Fv2%2Fmedia&parent=13821"}],"wp:term":[{"taxonomy":"category","embeddable":true,"href":"https:\/\/ciudadanosdelmundo.org\/index.php?rest_route=%2Fwp%2Fv2%2Fcategories&post=13821"},{"taxonomy":"post_tag","embeddable":true,"href":"https:\/\/ciudadanosdelmundo.org\/index.php?rest_route=%2Fwp%2Fv2%2Ftags&post=13821"}],"curies":[{"name":"wp","href":"https:\/\/api.w.org\/{rel}","templated":true}]}}