{"id":13819,"date":"2018-04-21T20:07:14","date_gmt":"2018-04-21T20:07:14","guid":{"rendered":"http:\/\/ciudadanosdelmundo.org\/sitio\/?p=13819"},"modified":"2021-03-10T15:54:20","modified_gmt":"2021-03-10T15:54:20","slug":"rayito-de-sol-ciudadanos-del-mundo-inauguro-un-nuevo-jardin-en-la-matanza","status":"publish","type":"post","link":"https:\/\/ciudadanosdelmundo.org\/?p=13819","title":{"rendered":"\u00abRayito de sol\u00bb: Ciudadanos del Mundo inaugur\u00f3 un nuevo jard\u00edn en La Matanza"},"content":{"rendered":"<p style=\"font-weight: 400;\">La fundaci\u00f3n Ciudadanos del Mundo inaugur\u00f3 hoy un nuevo jard\u00edn comunitario de primera infancia en Virrey del Pino, La Matanza. \u00abRayito de Sol\u00bb abri\u00f3 esta ma\u00f1ana sus puertas para m\u00e1s de 120 chicos y chicas de entre 2 y 4 a\u00f1os en situaci\u00f3n de vulnerabilidad social, en un acto que cont\u00f3 con la presencia de las autoridades de la Fundaci\u00f3n, todo el equipo pedag\u00f3gico del jard\u00edn y la comunidad del barrio.<\/p>\n<p style=\"font-weight: 400;\">Se trata de un establecimiento modelo en materia de primera infancia, con todas las comodidades al alcance de los chicos, que estar\u00e1n a cargo de un equipo docente apoyado por nutricionistas, trabajadoras sociales y psicopedagogas, quienes pondr\u00e1n en pr\u00e1ctica los postulados de la filosof\u00eda pedag\u00f3gica de Reggio Emilia, que tiene a la escucha de los ni\u00f1os como bandera.<\/p>\n<p style=\"font-weight: 400;\">La refacci\u00f3n y ampliaci\u00f3n del jard\u00edn es una iniciativa impulsada por Ciudadanos del Mundo a partir del Programa de Primera Infancia del Ministerio de Desarrollo Social de la Naci\u00f3n, que conduce Carolina Stanley.<\/p>\n<p style=\"font-weight: 400;\">\u00abEstamos muy agradecidos de poder inaugurar hoy un nuevo jard\u00edn para que todos los chicos y chicas de la zona tengan un futuro. Vamos a seguir trabajando en pos de la igualdad de posibilidades y de desarrollo\u00bb, asegur\u00f3 el Director General de Ciudadanos del Mundo,&nbsp;Manuel&nbsp;Aldaz.<\/p>\n","protected":false},"excerpt":{"rendered":"<p>La fundaci\u00f3n Ciudadanos del Mundo inaugur\u00f3 hoy un nuevo jard\u00edn comunitario de primera infancia en Virrey del Pino, La Matanza. \u00abRayito de Sol\u00bb abri\u00f3 esta ma\u00f1ana sus puertas para m\u00e1s de 120 chicos y chicas de entre 2 y 4 a\u00f1os en situaci\u00f3n de vulnerabilidad social, en un acto que cont\u00f3 con la presencia de las autoridades de la Fundaci\u00f3n, todo el equipo pedag\u00f3gico del jard\u00edn y la comunidad del barrio. Se trata de un establecimiento modelo en materia de primera infancia, con todas las comodidades al alcance de los chicos, que estar\u00e1n a cargo de un equipo docente apoyado por nutricionistas, trabajadoras sociales y psicopedagogas, quienes pondr\u00e1n en pr\u00e1ctica los postulados de la filosof\u00eda pedag\u00f3gica de Reggio Emilia, que tiene a la escucha de los ni\u00f1os como bandera. La refacci\u00f3n y ampliaci\u00f3n del jard\u00edn es una iniciativa impulsada por Ciudadanos del Mundo a partir del Programa de Primera Infancia del Ministerio de Desarrollo Social de la Naci\u00f3n, que conduce Carolina Stanley. \u00abEstamos muy agradecidos de poder inaugurar hoy un nuevo jard\u00edn para que todos los chicos y chicas de la zona tengan un futuro. Vamos a seguir trabajando en pos de la igualdad de posibilidades y de desarrollo\u00bb, asegur\u00f3 [&hellip;]<\/p>\n","protected":false},"author":1,"featured_media":13807,"comment_status":"closed","ping_status":"closed","sticky":false,"template":"","format":"standard","meta":{"footnotes":""},"categories":[1],"tags":[],"class_list":["post-13819","post","type-post","status-publish","format-standard","has-post-thumbnail","hentry","category-uncategorized"],"_links":{"self":[{"href":"https:\/\/ciudadanosdelmundo.org\/index.php?rest_route=\/wp\/v2\/posts\/13819","targetHints":{"allow":["GET"]}}],"collection":[{"href":"https:\/\/ciudadanosdelmundo.org\/index.php?rest_route=\/wp\/v2\/posts"}],"about":[{"href":"https:\/\/ciudadanosdelmundo.org\/index.php?rest_route=\/wp\/v2\/types\/post"}],"author":[{"embeddable":true,"href":"https:\/\/ciudadanosdelmundo.org\/index.php?rest_route=\/wp\/v2\/users\/1"}],"replies":[{"embeddable":true,"href":"https:\/\/ciudadanosdelmundo.org\/index.php?rest_route=%2Fwp%2Fv2%2Fcomments&post=13819"}],"version-history":[{"count":2,"href":"https:\/\/ciudadanosdelmundo.org\/index.php?rest_route=\/wp\/v2\/posts\/13819\/revisions"}],"predecessor-version":[{"id":13930,"href":"https:\/\/ciudadanosdelmundo.org\/index.php?rest_route=\/wp\/v2\/posts\/13819\/revisions\/13930"}],"wp:featuredmedia":[{"embeddable":true,"href":"https:\/\/ciudadanosdelmundo.org\/index.php?rest_route=\/wp\/v2\/media\/13807"}],"wp:attachment":[{"href":"https:\/\/ciudadanosdelmundo.org\/index.php?rest_route=%2Fwp%2Fv2%2Fmedia&parent=13819"}],"wp:term":[{"taxonomy":"category","embeddable":true,"href":"https:\/\/ciudadanosdelmundo.org\/index.php?rest_route=%2Fwp%2Fv2%2Fcategories&post=13819"},{"taxonomy":"post_tag","embeddable":true,"href":"https:\/\/ciudadanosdelmundo.org\/index.php?rest_route=%2Fwp%2Fv2%2Ftags&post=13819"}],"curies":[{"name":"wp","href":"https:\/\/api.w.org\/{rel}","templated":true}]}}