{"id":13815,"date":"2018-06-11T19:57:55","date_gmt":"2018-06-11T19:57:55","guid":{"rendered":"http:\/\/ciudadanosdelmundo.org\/sitio\/?p=13815"},"modified":"2021-03-10T15:53:49","modified_gmt":"2021-03-10T15:53:49","slug":"alertamos-por-casos-de-desnutricion-en-jardines-comunitarios","status":"publish","type":"post","link":"https:\/\/ciudadanosdelmundo.org\/?p=13815","title":{"rendered":"Alertamos por casos de desnutrici\u00f3n en La Matanza"},"content":{"rendered":"<article id=\"article-post\" class=\"first\">\n<div class=\"cuerpo\" data-twitter-link=\"https:\/\/twitter.com\/intent\/tweet?url=https:\/\/www.diariopopular.com.ar\/\/c354764&amp;via=poopulardiario&amp;related=Diario Popular&amp;text=\">\n<p data-format=\"CAPITULAR\" data-content-col=\"ok\" data-content-parag=\"Cantidad de car\u00e1cteres exacto\" data-status=\"ok\">La Fundaci\u00f3n Ciudadanos del Mundo revel\u00f3 que en los \u00faltimos meses se incrementaron los casos de desnutrici\u00f3n entre los 1200 chicos de 2 a 4 a\u00f1os que asisten a los Jardines o Espacios de Primera Infancia que tiene a su cargo en el distrito.<\/p>\n<\/div>\n<\/article>\n<article id=\"article-post\">\n<div class=\"cuerpo\" data-twitter-link=\"https:\/\/twitter.com\/intent\/tweet?url=https:\/\/www.diariopopular.com.ar\/\/c354764&amp;via=poopulardiario&amp;related=Diario Popular&amp;text=\">\n<p data-content-col=\"ok\" data-content-parag=\"Cantidad de car\u00e1cteres exacto\">Y precis\u00f3 que un estudio de su equipo de nutricionistas determin\u00f3 que el 20 por ciento sufre ese problema, lo que da una proyecci\u00f3n de 240 ni\u00f1os, cuando a fines del a\u00f1o pasado los casos no superaban la decena.<\/p>\n<p data-content-col=\"ok\" data-content-parag=\"Cantidad de car\u00e1cteres exacto\">En di\u00e1logo con este medio, el secretario general de Ciudadanos del Mundo, Manuel Aldaz, sostuvo que la desnutrici\u00f3n se debe \u00aba que en las casas no tienen para comer, las \u00fanicas comidas importantes las reciben en nuestros jardines\u00bb.<\/p>\n<\/div>\n<p data-format=\"CAPITULAR\" data-content-col=\"ok\" data-content-parag=\"Cantidad de car\u00e1cteres exacto\" data-status=\"ok\">Publicado en:&nbsp;https:\/\/www.diariopopular.com.ar\/la-matanza\/alertan-casos-desnutricion-jardines-comunitarios-n354764<\/p>\n<div class=\"cuerpo\" data-twitter-link=\"https:\/\/twitter.com\/intent\/tweet?url=https:\/\/www.diariopopular.com.ar\/\/c354764&amp;via=poopulardiario&amp;related=Diario Popular&amp;text=\">\n<h2 data-format=\"SUBTITULO\" data-content-col=\"gray\" data-content-parag=\"Faltan 9 car\u00e1cteres\" data-status=\"ok\">Nueve jardines<\/h2>\n<p data-content-col=\"ok\" data-content-parag=\"Cantidad de car\u00e1cteres exacto\">Aldaz explic\u00f3 que la entidad gestiona en el municipio 9 jardines comunitarios a trav\u00e9s del Plan Nacional de Primera Infancia implementado por el Ministerio de Desarrollo Social de la Naci\u00f3n. Hay tres en Gonz\u00e1lez Cat\u00e1n, dos en Gregorio de Laferrere, dos en Virrey del Pino, uno en Rafael Castillo y uno en Isidro Casanova.<\/p>\n<p data-content-col=\"ok\" data-content-parag=\"Cantidad de car\u00e1cteres exacto\">Los chicos reciben dos comidas diarias: desayuno y almuerzo los del turno ma\u00f1ana y almuerzo y merienda los de turno tarde. \u00abSe trata de comidas balanceadas, que incluyen pollo, pescado y verdura entre otros alimentos, con todas las prote\u00ednas que necesitan\u00bb, detall\u00f3 Aldaz.<\/p>\n<p data-content-col=\"ok\" data-content-parag=\"Cantidad de car\u00e1cteres exacto\">\u00abHay que tener en cuenta -advirti\u00f3- que entre los 2 y los 4 a\u00f1os, si los chicos padecen desnutrici\u00f3n aguda sufren un problema cognitivo irreversible, despu\u00e9s ya no se puede hacer nada\u00bb.<\/p>\n<p data-content-col=\"ok\" data-content-parag=\"Cantidad de car\u00e1cteres exacto\">Pese a ello, en los \u00faltimos meses comenzaron a advertir chicos con s\u00edntomas de mala alimentaci\u00f3n, por lo que el equipo de nutricionistas de la instituci\u00f3n realiz\u00f3 un estudio y determin\u00f3 que el 20 por ciento de los ni\u00f1os sufren de alg\u00fan tipo de desnutrici\u00f3n, porque en sus hogares \u00abno tienen para comer, hay muchas familias que se quedaron sin empleo o tienen menos ingresos\u00bb, advirti\u00f3 el titular de la entidad.<\/p>\n<h2 data-format=\"SUBTITULO\" data-content-col=\"gray\" data-content-parag=\"Faltan 2 car\u00e1cteres\" data-status=\"ok\">Gestiones por bolsones<\/h2>\n<p data-content-col=\"ok\" data-content-parag=\"Cantidad de car\u00e1cteres exacto\">Agreg\u00f3 que \u00abse da el caso de padres que se acercan a los jardines para ver si sobr\u00f3 comida, algo que ocurre s\u00f3lo si alg\u00fan chico falta. Por eso es que hemos iniciado gestiones ante el Ministerio de Desarrollo Social para que entregue bolsones de alimentos a las familias, para cubrir las necesidades, hay que tener en cuenta que el momento m\u00e1s complicado es el fin de semana, ya que los jardines funcionan de lunes a viernes\u00bb.<\/p>\n<p data-content-col=\"ok\" data-content-parag=\"Cantidad de car\u00e1cteres exacto\">Paralelamente, la Fundaci\u00f3n Ciudadanos del Mundo trabaja con Prohuerta \u00abpara ayudar a las familias que tienen jardines para que puedan sembrar y cosechar\u00bb, y desarrolla talleres para los padres \u00abcon salida laboral\u00bb, detall\u00f3 Aldaz.<\/p>\n<div id=\"div-gpt-ad-nota-308032\" class=\"banner-90\" data-mapping=\"mapping9\" data-google-query-id=\"CPCjiIqqzNsCFYRENwodeJcEVA\"><\/div>\n<\/div>\n<\/article>\n","protected":false},"excerpt":{"rendered":"<p>La Fundaci\u00f3n Ciudadanos del Mundo revel\u00f3 que en los \u00faltimos meses se incrementaron los casos de desnutrici\u00f3n entre los 1200 chicos de 2 a 4 a\u00f1os que asisten a los Jardines o Espacios de Primera Infancia que tiene a su cargo en el distrito. Y precis\u00f3 que un estudio de su equipo de nutricionistas determin\u00f3 que el 20 por ciento sufre ese problema, lo que da una proyecci\u00f3n de 240 ni\u00f1os, cuando a fines del a\u00f1o pasado los casos no superaban la decena. En di\u00e1logo con este medio, el secretario general de Ciudadanos del Mundo, Manuel Aldaz, sostuvo que la desnutrici\u00f3n se debe \u00aba que en las casas no tienen para comer, las \u00fanicas comidas importantes las reciben en nuestros jardines\u00bb. Publicado en:&nbsp;https:\/\/www.diariopopular.com.ar\/la-matanza\/alertan-casos-desnutricion-jardines-comunitarios-n354764 Nueve jardines Aldaz explic\u00f3 que la entidad gestiona en el municipio 9 jardines comunitarios a trav\u00e9s del Plan Nacional de Primera Infancia implementado por el Ministerio de Desarrollo Social de la Naci\u00f3n. Hay tres en Gonz\u00e1lez Cat\u00e1n, dos en Gregorio de Laferrere, dos en Virrey del Pino, uno en Rafael Castillo y uno en Isidro Casanova. Los chicos reciben dos comidas diarias: desayuno y almuerzo los del turno ma\u00f1ana y almuerzo y merienda los de turno tarde. [&hellip;]<\/p>\n","protected":false},"author":1,"featured_media":13816,"comment_status":"closed","ping_status":"closed","sticky":false,"template":"","format":"standard","meta":{"footnotes":""},"categories":[23],"tags":[],"class_list":["post-13815","post","type-post","status-publish","format-standard","has-post-thumbnail","hentry","category-en-los-medios"],"_links":{"self":[{"href":"https:\/\/ciudadanosdelmundo.org\/index.php?rest_route=\/wp\/v2\/posts\/13815","targetHints":{"allow":["GET"]}}],"collection":[{"href":"https:\/\/ciudadanosdelmundo.org\/index.php?rest_route=\/wp\/v2\/posts"}],"about":[{"href":"https:\/\/ciudadanosdelmundo.org\/index.php?rest_route=\/wp\/v2\/types\/post"}],"author":[{"embeddable":true,"href":"https:\/\/ciudadanosdelmundo.org\/index.php?rest_route=\/wp\/v2\/users\/1"}],"replies":[{"embeddable":true,"href":"https:\/\/ciudadanosdelmundo.org\/index.php?rest_route=%2Fwp%2Fv2%2Fcomments&post=13815"}],"version-history":[{"count":4,"href":"https:\/\/ciudadanosdelmundo.org\/index.php?rest_route=\/wp\/v2\/posts\/13815\/revisions"}],"predecessor-version":[{"id":13928,"href":"https:\/\/ciudadanosdelmundo.org\/index.php?rest_route=\/wp\/v2\/posts\/13815\/revisions\/13928"}],"wp:featuredmedia":[{"embeddable":true,"href":"https:\/\/ciudadanosdelmundo.org\/index.php?rest_route=\/wp\/v2\/media\/13816"}],"wp:attachment":[{"href":"https:\/\/ciudadanosdelmundo.org\/index.php?rest_route=%2Fwp%2Fv2%2Fmedia&parent=13815"}],"wp:term":[{"taxonomy":"category","embeddable":true,"href":"https:\/\/ciudadanosdelmundo.org\/index.php?rest_route=%2Fwp%2Fv2%2Fcategories&post=13815"},{"taxonomy":"post_tag","embeddable":true,"href":"https:\/\/ciudadanosdelmundo.org\/index.php?rest_route=%2Fwp%2Fv2%2Ftags&post=13815"}],"curies":[{"name":"wp","href":"https:\/\/api.w.org\/{rel}","templated":true}]}}